{"id":323,"date":"2022-09-16T16:44:55","date_gmt":"2022-09-16T16:44:55","guid":{"rendered":"https:\/\/www.talento-stem.es\/?p=323"},"modified":"2024-08-06T08:16:42","modified_gmt":"2024-08-06T08:16:42","slug":"mujeres-que-inspiran","status":"publish","type":"post","link":"http:\/\/www.talento-stem.es\/index.php\/2022\/09\/16\/mujeres-que-inspiran\/","title":{"rendered":"Mujeres que inspiran"},"content":{"rendered":"\n<h3 class=\"wp-block-heading has-text-align-center\">Mujeres que inspiran<\/h3>\n\n\n<div class=\"wp-block-image\">\n<figure class=\"aligncenter size-full\"><img loading=\"lazy\" decoding=\"async\" width=\"500\" height=\"354\" src=\"https:\/\/www.talento-stem.es\/wp-content\/uploads\/2024\/07\/156138538_3521211994670950_3874278373278703071_n-e1663321852227.jpeg\" alt=\"\" class=\"wp-image-324\" srcset=\"http:\/\/www.talento-stem.es\/wp-content\/uploads\/2024\/07\/156138538_3521211994670950_3874278373278703071_n-e1663321852227.jpeg 500w, http:\/\/www.talento-stem.es\/wp-content\/uploads\/2024\/07\/156138538_3521211994670950_3874278373278703071_n-e1663321852227-300x212.jpeg 300w\" sizes=\"auto, (max-width: 500px) 100vw, 500px\" \/><\/figure>\n<\/div>\n\n\n<p class=\"has-text-align-center\">El jueves 11 de marzo de 2021 disfrutamos de un evento online donde Elena, Ana, Marta, Bel\u00e9n y Elena, nos hablaron de su experiencia, sus inquietudes, en qu\u00e9 campos desarrollan su actividad profesional y muchas cosas m\u00e1s.<\/p>\n\n\n\n<p class=\"has-text-align-center\">Dentro de la colaboraci\u00f3n de la Facultad de Inform\u00e1tica de la UMU con la asociaci\u00f3n Talento STEM, en el contexto de la Olimpiada Inform\u00e1tica de la Regi\u00f3n de Murcia, se organiza esta charla en la que cinco mujeres nos cuentan su apasionante experiencia dentro del mundo de las tecnolog\u00edas (STEAM). Es una charla de motivaci\u00f3n en la que los participantes pudieron dialogar y hacer preguntas a las ponentes.<\/p>\n\n\n\n<p class=\"has-text-align-center\">Puedes verla aqu\u00ed:<\/p>\n\n\n\n<p class=\"has-text-align-center has-secondary-color has-text-color has-link-color wp-elements-de655250ec5faf9762d0740e9b4bc1fa\"><a href=\"https:\/\/tv.um.es\/video?id=144321&amp;idioma=es\">https:\/\/tv.um.es\/video?id=144321&amp;idioma=es<\/a><\/p>\n","protected":false},"excerpt":{"rendered":"<p>El jueves 11 de marzo de 2021 disfrutamos de un evento online donde Elena, Ana, Marta, Bel\u00e9n y Elena, nos hablaron de su experiencia, sus inquietudes, en qu\u00e9 campos desarrollan su actividad profesional y muchas cosas m\u00e1s.<\/p>\n","protected":false},"author":1,"featured_media":324,"comment_status":"open","ping_status":"open","sticky":false,"template":"","format":"standard","meta":{"footnotes":""},"categories":[1],"tags":[],"class_list":["post-323","post","type-post","status-publish","format-standard","has-post-thumbnail","hentry","category-sin-categoria"],"featured_image_src":"http:\/\/www.talento-stem.es\/wp-content\/uploads\/2024\/07\/156138538_3521211994670950_3874278373278703071_n-e1663321852227.jpeg","featured_image_src_square":"http:\/\/www.talento-stem.es\/wp-content\/uploads\/2024\/07\/156138538_3521211994670950_3874278373278703071_n-e1663321852227.jpeg","author_info":{"display_name":"admin","author_link":"http:\/\/www.talento-stem.es\/index.php\/author\/admin\/"},"_links":{"self":[{"href":"http:\/\/www.talento-stem.es\/index.php\/wp-json\/wp\/v2\/posts\/323","targetHints":{"allow":["GET"]}}],"collection":[{"href":"http:\/\/www.talento-stem.es\/index.php\/wp-json\/wp\/v2\/posts"}],"about":[{"href":"http:\/\/www.talento-stem.es\/index.php\/wp-json\/wp\/v2\/types\/post"}],"author":[{"embeddable":true,"href":"http:\/\/www.talento-stem.es\/index.php\/wp-json\/wp\/v2\/users\/1"}],"replies":[{"embeddable":true,"href":"http:\/\/www.talento-stem.es\/index.php\/wp-json\/wp\/v2\/comments?post=323"}],"version-history":[{"count":3,"href":"http:\/\/www.talento-stem.es\/index.php\/wp-json\/wp\/v2\/posts\/323\/revisions"}],"predecessor-version":[{"id":725,"href":"http:\/\/www.talento-stem.es\/index.php\/wp-json\/wp\/v2\/posts\/323\/revisions\/725"}],"wp:featuredmedia":[{"embeddable":true,"href":"http:\/\/www.talento-stem.es\/index.php\/wp-json\/wp\/v2\/media\/324"}],"wp:attachment":[{"href":"http:\/\/www.talento-stem.es\/index.php\/wp-json\/wp\/v2\/media?parent=323"}],"wp:term":[{"taxonomy":"category","embeddable":true,"href":"http:\/\/www.talento-stem.es\/index.php\/wp-json\/wp\/v2\/categories?post=323"},{"taxonomy":"post_tag","embeddable":true,"href":"http:\/\/www.talento-stem.es\/index.php\/wp-json\/wp\/v2\/tags?post=323"}],"curies":[{"name":"wp","href":"https:\/\/api.w.org\/{rel}","templated":true}]}}